{"id":5421,"date":"2025-06-03T12:58:56","date_gmt":"2025-06-03T11:58:56","guid":{"rendered":"https:\/\/www.fransksprog.dk\/?p=5421"},"modified":"2025-07-02T12:14:10","modified_gmt":"2025-07-02T11:14:10","slug":"rencontres-pedagogiques-2025","status":"publish","type":"post","link":"https:\/\/www.fransksprog.dk\/da\/fransksprog-dk\/rencontres-pedagogiques-2025","title":{"rendered":"Rencontres p\u00e9dagogiques 2025"},"content":{"rendered":"<div>\u00a0<\/div>\n<div>Les <strong>Rencontres p\u00e9dagogiques 2025<\/strong> se d\u00e9rouleront <strong>le 18 et le 19 septembre 2025<\/strong> \u00e0 <strong>K\u00f8benhavns Professionsh\u00f8jskole<\/strong> (Campus Nyelandsvej), avec pour th\u00e9matique \u00ab <strong>Dynamiser les pratiques de l&#8217;oral en classe de fran\u00e7ais<\/strong> \u00bb.<\/div>\n<p>Ces rencontres visent \u00e0 offrir une <strong>vision modernis\u00e9e de l&#8217;enseignement du fran\u00e7ais<\/strong> et \u00e0 vous aider \u00e0 mettre en place et \u00e0 utiliser des contenus et <strong>des approches p\u00e9dagogiques en ad\u00e9quation avec les situations de la vie quotidienne et du\/des fran\u00e7ais contemporain(s)<\/strong>.<\/p>\n<div>\n<div>Objectif :<strong> inspirer les professeurs de fran\u00e7ais<\/strong> et leur fournir du <strong>mat\u00e9riel p\u00e9dagogique concret et pr\u00eat \u00e0 l\u2019emploi<\/strong> pour l&#8217;enseignement de l&#8217;oral<\/div>\n<\/div>\n<div>\u00a0<\/div>\n<div><strong>Tarif de la formation :<\/strong> 1200 dkk \/ personne<\/div>\n<div>\u00a0<\/div>\n<div><a href=\"https:\/\/docs.google.com\/forms\/d\/e\/1FAIpQLSdVgwZKXhe_nsgG-_uazZcWjQL3stOj_Rd0bRzVefeRHU5sqg\/viewform?usp=sharing&amp;ouid=107116138022293495674\" target=\"_blank\" rel=\"noopener\"><strong>Lien vers le formulaire d&#8217;inscription<\/strong><\/a><\/div>\n<div>\u00a0<\/div>\n<div><strong>Programme pr\u00e9visionnel :<\/strong><\/div>\n<div>\n<p><strong>Jeudi 18 septembre<\/strong><br \/>\n8 h 30 &#8211; 9 h 00 : Accueil des participants et caf\u00e9<br \/>\n9 h 00 &#8211; 9 h 15 : Mots de bienvenue<br \/>\n9 h 15 &#8211; 10 h 15 : Pr\u00e9sentations flash<br \/>\n10 h 15 &#8211; 11 h 00 : Pause et visite des stands des partenaires<br \/>\n11 h 00 &#8211; 12 h 00 : Conf\u00e9rence : <strong>Les cl\u00e9s de motivation : apprendre \u00e0 motiver, motiver \u00e0 apprendre <\/strong>(Michel Boiron)<br \/>\n13 h 00 &#8211; 15 h 00 : Ateliers p\u00e9dagogiques<\/p>\n<p>Atelier 1 : <strong>Activit\u00e9s pour favoriser la production orale en classe de fran\u00e7ais<\/strong> (Michel Boiron)<\/p>\n<p>Atelier 2 : <strong>Id\u00e9es et outils pour cr\u00e9er des activit\u00e9s \u00e0 partir de vid\u00e9os authentiques<\/strong> (Valentin Moisan, TV5MONDE)<\/p>\n<p>Atelier 3 : <strong>Silence, \u00e7a parle ! Rem\u00e9dier et \u00e9valuer l\u2019oral de fa\u00e7on vivante et engageante<\/strong><strong>\u00a0<\/strong>(Emilie Lehr)<\/p>\n<p>Atelier 4 : <strong><span class=\"il\">Tal<\/span>\u00a0<span class=\"il\">med<\/span>\u00a0kroppen!\u00a0<\/strong>(en danois) (Annette S\u00f8ndergaard Gregersen, KP)<\/p>\n<p>15 h 00 &#8211; 15 h 30 : Pause caf\u00e9<br \/>\n15 h 30 &#8211; 16 h 00 : Actualit\u00e9 de l&#8217;Institut fran\u00e7ais<br \/>\n16 h 00 &#8211; 16 h 30 : Bilan de la premi\u00e8re journ\u00e9e et verre de l\u2019amiti\u00e9<\/p>\n<p><strong>Vendredi 19 septembre<\/strong><br \/>\n8 h 30 &#8211; 9 h 00 : Accueil des participants, caf\u00e9<br \/>\n9 h 00 &#8211; 9 h 15 : Informations pratiques<br \/>\n9 h 15 &#8211; 11 h 15 : Ateliers p\u00e9dagogiques<br \/>\n11 h 30 &#8211; 12 h 00 : Bilan de la formation et d\u00e9jeuner libre<br \/>\n13 h 30 &#8211; 15 h 30 : Activit\u00e9 culturelle (au choix)<\/p>\n<p>Visite du Palais Thott (avec B\u00e9n\u00e9dicte Hausmann, Institut fran\u00e7ais \/ minimum 10 personnes)<br \/>\nou<br \/>\nExp\u00e9rimentation du parcours num\u00e9rique Mon mus\u00e9e parle fran\u00e7ais \u00e0 la Glyptotek (entr\u00e9e prise en charge par l&#8217;IFD \/ maximum 20 personnes)<\/p>\n<\/div>\n<p>&nbsp;<\/p>\n<div>\u00a0<\/div>\n<p><iframe loading=\"lazy\" src=\"https:\/\/drive.google.com\/file\/d\/1lEr7XkwRoQryOYxn_TqI-YyPYyQpZ4j_\/preview\" width=\"100%\" height=\"760\"><\/iframe><\/p>\n<div style=\"clear:both\"><\/div><div class=\"crunchify-social\"><!-- Social Sharing Buttons Plugin without any Java Script Loading by Crunchify.com - START--><h5><\/h5><a class=\"crunchify-link crunchify-facebook\" href=\"https:\/\/www.facebook.com\/sharer\/sharer.php?u=https:\/\/www.fransksprog.dk\/da\/fransksprog-dk\/rencontres-pedagogiques-2025\" target=\"_blank\" rel=\"nofollow\"><i class=\"fa fa-facebook\" aria-hidden=\"true\"><\/i><\/a><a class=\"crunchify-link crunchify-twitter\" href=\"https:\/\/twitter.com\/intent\/tweet?text=Rencontres%20p\u00e9dagogiques%202025&amp;url=https:\/\/www.fransksprog.dk\/da\/fransksprog-dk\/rencontres-pedagogiques-2025&amp;via=\" target=\"_blank\" rel=\"nofollow\"><i class=\"fa fa-twitter\" aria-hidden=\"true\"><\/i><\/a><!-- Social Sharing Buttons Plugin - END--><\/div><div style=\"clear:both\">","protected":false},"excerpt":{"rendered":"<p>Les Rencontres p\u00e9dagogiques 2025 se d\u00e9rouleront le 18 et le 19 septembre 2025 \u00e0 K\u00f8benhavns Professionsh\u00f8jskole (Campus Nyelandsvej), avec pour th\u00e9matique \u00ab\u00a0Dynamiser les pratiques de l&#8217;oral en classe de fran\u00e7ais \u00bb.<\/p>\n","protected":false},"author":1,"featured_media":5537,"comment_status":"closed","ping_status":"closed","sticky":false,"template":"","format":"standard","meta":{"footnotes":""},"categories":[3,25],"tags":[],"_links":{"self":[{"href":"https:\/\/www.fransksprog.dk\/da\/wp-json\/wp\/v2\/posts\/5421"}],"collection":[{"href":"https:\/\/www.fransksprog.dk\/da\/wp-json\/wp\/v2\/posts"}],"about":[{"href":"https:\/\/www.fransksprog.dk\/da\/wp-json\/wp\/v2\/types\/post"}],"author":[{"embeddable":true,"href":"https:\/\/www.fransksprog.dk\/da\/wp-json\/wp\/v2\/users\/1"}],"replies":[{"embeddable":true,"href":"https:\/\/www.fransksprog.dk\/da\/wp-json\/wp\/v2\/comments?post=5421"}],"version-history":[{"count":10,"href":"https:\/\/www.fransksprog.dk\/da\/wp-json\/wp\/v2\/posts\/5421\/revisions"}],"predecessor-version":[{"id":5711,"href":"https:\/\/www.fransksprog.dk\/da\/wp-json\/wp\/v2\/posts\/5421\/revisions\/5711"}],"wp:featuredmedia":[{"embeddable":true,"href":"https:\/\/www.fransksprog.dk\/da\/wp-json\/wp\/v2\/media\/5537"}],"wp:attachment":[{"href":"https:\/\/www.fransksprog.dk\/da\/wp-json\/wp\/v2\/media?parent=5421"}],"wp:term":[{"taxonomy":"category","embeddable":true,"href":"https:\/\/www.fransksprog.dk\/da\/wp-json\/wp\/v2\/categories?post=5421"},{"taxonomy":"post_tag","embeddable":true,"href":"https:\/\/www.fransksprog.dk\/da\/wp-json\/wp\/v2\/tags?post=5421"}],"curies":[{"name":"wp","href":"https:\/\/api.w.org\/{rel}","templated":true}]}}