{"id":3904,"date":"2023-10-03T13:19:46","date_gmt":"2023-10-03T12:19:46","guid":{"rendered":"https:\/\/www.fransksprog.dk\/?p=3904"},"modified":"2023-11-06T08:30:43","modified_gmt":"2023-11-06T07:30:43","slug":"apprendre-le-francais-en-mouvement","status":"publish","type":"post","link":"https:\/\/www.fransksprog.dk\/da\/fransksprog-dk\/apprendre-le-francais-en-mouvement","title":{"rendered":"Apprendre le fran\u00e7ais en mouvement"},"content":{"rendered":"<p><span style=\"text-decoration: underline;\">Mardi 27 f\u00e9vrier 2024 de 9 h 00 \u00e0 15 h 00 \u2013 Institut fran\u00e7ais du Danemark<\/span><\/p>\n<p>Cette journ\u00e9e de formation, compos\u00e9e de 3 s\u00e9quences <span lang=\"FR\">dynamiques et r\u00e9flexives bas\u00e9es sur un partage d\u2019exp\u00e9riences de terrain acquises par Marie en tant qu\u2019enseignante EPS \u00ab\u00a0idr\u00e6tsl\u00e6rer p\u00e5 gymnasium\u00a0\u00bb et professeur de fran\u00e7ais, vous proposera d\u2019explorer des pistes pratiques pour associer aptitudes motrices\/expressives et cognitives, cr\u00e9er un climat de classe joyeux, studieux et connect\u00e9 \u00e0 ses sens et vivre ses cours en mouvements.<\/span><\/p>\n<p>La formation sera interactive et ax\u00e9e autour de jeux de r\u00f4les et de mises en situations concr\u00e8tes de vie de classe.<\/p>\n<p>Formatrice : Marie Vergmann (<a href=\"http:\/\/www.lecorpsquiparle.dk\/marie_fr\" target=\"_blank\" rel=\"noopener noreferrer\">Le corps qui parle<\/a>)<\/p>\n<p>Formation gratuite avec d\u00e9jeuner offert par l&#8217;Institut fran\u00e7ais<\/p>\n<p>&nbsp;<\/p>\n<p><strong><span style=\"text-decoration: underline;\">S\u00e9quence 1<\/span> :<\/strong> La \u00ab prise en main \u00bb ou comment cr\u00e9er un climat de classe favorable aux apprentissages<\/p>\n<p><span lang=\"FR\"><strong>Objectif :<\/strong> d\u00e9buter le cours en cr\u00e9ant un climat de classe favorable aux apprentissages<\/span><\/p>\n<p> <strong>Plan de la s\u00e9quence :<\/strong><br \/>\n &#8211; exemples et exp\u00e9rimentation de mises en situation (la \u00ab fronti\u00e8re \u00bb, les rituels de d\u00e9but de cours, etc.)<br \/>\n &#8211; temps d\u2019\u00e9changes : questions &#8211; r\u00e9flexions &#8211; rem\u00e9diations<br \/>\n &#8211; bilan : \u00ab ce que je voudrais tenter en classe \u00bb -pourquoi ? \/ \u00ab ce que je ne voudrais pas tenter en classe \u00bb &#8211; pourquoi ?<\/p>\n<p><strong><span style=\"text-decoration: underline;\">S\u00e9quence 2<\/span> :<\/strong> Le contenu<\/p>\n<p><strong>Objectif :<\/strong> <span lang=\"FR\">\u00eatre acteur dans le cours<\/span><\/p>\n<p><strong><span style=\"text-decoration: underline;\">S\u00e9quence 3<\/span> :<\/strong> Le bilan et le retour au calme<\/p>\n<p><span lang=\"FR\"><strong>Objectif :<\/strong> \u00eatre capable de poursuivre le reste de la journ\u00e9e en \u00e9tant content d\u2019avoir appris et en ayant envie de revenir <\/span><\/p>\n<p>&nbsp;<\/p>\n<p><a href=\"https:\/\/docs.google.com\/forms\/d\/e\/1FAIpQLSdJKlMmqhQjfWnR6W8nA60fW8afkxx1-eoZ9P1o-hX6bqFOJA\/viewform\" target=\"_blank\" rel=\"noopener noreferrer\"><strong>Lien vers le formulaire d\u2019inscription<\/strong><\/a><\/p>\n<div style=\"clear:both\"><\/div><div class=\"crunchify-social\"><!-- Social Sharing Buttons Plugin without any Java Script Loading by Crunchify.com - START--><h5><\/h5><a class=\"crunchify-link crunchify-facebook\" href=\"https:\/\/www.facebook.com\/sharer\/sharer.php?u=https:\/\/www.fransksprog.dk\/da\/fransksprog-dk\/apprendre-le-francais-en-mouvement\" target=\"_blank\" rel=\"nofollow\"><i class=\"fa fa-facebook\" aria-hidden=\"true\"><\/i><\/a><a class=\"crunchify-link crunchify-twitter\" href=\"https:\/\/twitter.com\/intent\/tweet?text=Apprendre%20le%20fran\u00e7ais%20en%20mouvement&amp;url=https:\/\/www.fransksprog.dk\/da\/fransksprog-dk\/apprendre-le-francais-en-mouvement&amp;via=\" target=\"_blank\" rel=\"nofollow\"><i class=\"fa fa-twitter\" aria-hidden=\"true\"><\/i><\/a><!-- Social Sharing Buttons Plugin - END--><\/div><div style=\"clear:both\">","protected":false},"excerpt":{"rendered":"<p>Ce cycle de 3 ateliers dynamiques et r\u00e9flexifs, bas\u00e9 sur un partage d\u2019exp\u00e9riences de terrain acquises par Marie en tant qu\u2019enseignante EPS \u00ab idr\u00e6tsl\u00e6rer p\u00e5 gymnasium \u00bb et professeur de fran\u00e7ais, vous proposera d\u2019explorer des pistes pratiques pour associer aptitudes motrices\/expressives et cognitives, cr\u00e9er un climat de classe joyeux, studieux et connect\u00e9 \u00e0 ses sens et vivre ses cours en mouvements.<\/p>\n","protected":false},"author":1,"featured_media":3910,"comment_status":"closed","ping_status":"closed","sticky":false,"template":"","format":"standard","meta":{"footnotes":""},"categories":[3,25],"tags":[],"_links":{"self":[{"href":"https:\/\/www.fransksprog.dk\/da\/wp-json\/wp\/v2\/posts\/3904"}],"collection":[{"href":"https:\/\/www.fransksprog.dk\/da\/wp-json\/wp\/v2\/posts"}],"about":[{"href":"https:\/\/www.fransksprog.dk\/da\/wp-json\/wp\/v2\/types\/post"}],"author":[{"embeddable":true,"href":"https:\/\/www.fransksprog.dk\/da\/wp-json\/wp\/v2\/users\/1"}],"replies":[{"embeddable":true,"href":"https:\/\/www.fransksprog.dk\/da\/wp-json\/wp\/v2\/comments?post=3904"}],"version-history":[{"count":7,"href":"https:\/\/www.fransksprog.dk\/da\/wp-json\/wp\/v2\/posts\/3904\/revisions"}],"predecessor-version":[{"id":3944,"href":"https:\/\/www.fransksprog.dk\/da\/wp-json\/wp\/v2\/posts\/3904\/revisions\/3944"}],"wp:featuredmedia":[{"embeddable":true,"href":"https:\/\/www.fransksprog.dk\/da\/wp-json\/wp\/v2\/media\/3910"}],"wp:attachment":[{"href":"https:\/\/www.fransksprog.dk\/da\/wp-json\/wp\/v2\/media?parent=3904"}],"wp:term":[{"taxonomy":"category","embeddable":true,"href":"https:\/\/www.fransksprog.dk\/da\/wp-json\/wp\/v2\/categories?post=3904"},{"taxonomy":"post_tag","embeddable":true,"href":"https:\/\/www.fransksprog.dk\/da\/wp-json\/wp\/v2\/tags?post=3904"}],"curies":[{"name":"wp","href":"https:\/\/api.w.org\/{rel}","templated":true}]}}